{"id":6953,"date":"2023-09-19T08:00:22","date_gmt":"2023-09-19T08:00:22","guid":{"rendered":"https:\/\/kinofest.gr\/?p=6953"},"modified":"2023-09-19T08:05:27","modified_gmt":"2023-09-19T08:05:27","slug":"%ce%b6%ce%af%ce%b3%ce%ba%cf%86%cf%81%ce%b9%ce%bd%cf%84-%ce%bc%cf%80%ce%bb%cf%8c%cf%87%ce%b5%cf%81-%ce%b4%ce%b9%ce%b5%cf%85%ce%b8%cf%85%ce%bd%cf%84%ce%ae%cf%82-%cf%84%ce%bf%cf%85-goethe-zentrum-patra","status":"publish","type":"post","link":"https:\/\/kinofest.gr\/de\/%ce%b6%ce%af%ce%b3%ce%ba%cf%86%cf%81%ce%b9%ce%bd%cf%84-%ce%bc%cf%80%ce%bb%cf%8c%cf%87%ce%b5%cf%81-%ce%b4%ce%b9%ce%b5%cf%85%ce%b8%cf%85%ce%bd%cf%84%ce%ae%cf%82-%cf%84%ce%bf%cf%85-goethe-zentrum-patra\/","title":{"rendered":"Siegfried Blocher | BLeiter des Goethe-Zentrums Patras"},"content":{"rendered":"<div class=\"vc_row wpb_row vc_row-fluid\" ><div class=\"wpb_column vc_column_container vc_col-sm-6\"><div class=\"vc_column-inner\"><div class=\"wpb_wrapper\">\n\t<div class=\"wpb_text_column wpb_content_element\" >\n\t\t<div class=\"wpb_wrapper\">\n\t\t\t<p>Mit gro\u00dfer Freude begr\u00fc\u00dfen wir zum 4. Mal das deutschsprachige Filmfestival &#8211; KinoFest in Patras!<br \/>\nWir bedanken uns bei Achaia Clauss, das uns wieder einmal seine Tore \u00f6ffnet und uns seine gro\u00dfz\u00fcgige Gastfreundschaft bietet, sowie bei ABCinema f\u00fcr die Organisation des Festivals.<br \/>\nDas deutschsprachige Kino ist eine feste Gr\u00f6\u00dfe in der internationalen Filmszene. Mit dem KinoFest wollen wir ein deutschsprachiges und ein nicht-deutschsprachiges Filmpublikum ansprechen. In diesem Jahr haben wir f\u00fcr Sie ein reichhaltiges Programm mit ausgew\u00e4hlten Kurz- und Langfilmen aus Deutschland, \u00d6sterreich und der Schweiz sowie Sonderfilmen \u00fcber Kinder, Immigration und die LGBT-Community zusammengestellt.<br \/>\nEin weiteres Jahr m\u00f6chte das KinoFest Griechen und Deutsche zusammenbringen und das deutschsprachige Kino \u00fcber die Grenzen von Patras hinaus verbreiten, indem es seine neue Sektion &#8220;KinoFest reist&#8221; ins Leben ruft, mit der ersten Station im Goethe-Institut Athen am 25. und 26. September.<br \/>\nWir laden Sie ein, auch in diesem Jahr die Reise durch die magische Welt des deutschsprachigen Kinos zu genie\u00dfen.<br \/>\nDie Vorf\u00fchrung kann beginnen!<\/p>\n<p>&nbsp;<\/p>\n<p><strong>Siegfried Blocher<\/strong><br \/>\nLeiter des Goethe-Zentrums Patras<\/p>\n\n\t\t<\/div>\n\t<\/div>\n<\/div><\/div><\/div><div class=\"wpb_column vc_column_container vc_col-sm-6\"><div class=\"vc_column-inner\"><div class=\"wpb_wrapper\">\n\t<div  class=\"wpb_single_image wpb_content_element vc_align_left\">\n\t\t\n\t\t<figure class=\"wpb_wrapper vc_figure\">\n\t\t\t<div class=\"vc_single_image-wrapper   vc_box_border_grey\"><img loading=\"lazy\" decoding=\"async\" width=\"150\" height=\"150\" src=\"https:\/\/kinofest.gr\/wp-content\/uploads\/2023\/09\/goethe-150x150.png\" class=\"vc_single_image-img attachment-thumbnail\" alt=\"\" srcset=\"https:\/\/kinofest.gr\/wp-content\/uploads\/2023\/09\/goethe-150x150.png 150w, https:\/\/kinofest.gr\/wp-content\/uploads\/2023\/09\/goethe-550x550.png 550w\" sizes=\"auto, (max-width: 150px) 100vw, 150px\" \/><\/div>\n\t\t<\/figure>\n\t<\/div>\n<\/div><\/div><\/div><\/div><div class=\"vc_row wpb_row vc_row-fluid\" ><div class=\"wpb_column vc_column_container vc_col-sm-12\"><div class=\"vc_column-inner\"><div class=\"wpb_wrapper\"><\/div><\/div><\/div><\/div>","protected":false},"excerpt":{"rendered":"Mit gro\u00dfer Freude begr\u00fc\u00dfen wir zum 4. Mal das deutschsprachige Filmfestival - KinoFest in Patras! Wir bedanken uns bei Achaia Clauss, das uns wieder einmal seine Tore \u00f6ffnet und uns [...]","protected":false},"author":4,"featured_media":6955,"comment_status":"closed","ping_status":"closed","sticky":false,"template":"","format":"standard","meta":{"footnotes":""},"categories":[83],"tags":[104],"class_list":["post-6953","post","type-post","status-publish","format-standard","has-post-thumbnail","hentry","category-greetings","tag-4-kinofest"],"yoast_head":"<!-- This site is optimized with the Yoast SEO plugin v26.9 - https:\/\/yoast.com\/product\/yoast-seo-wordpress\/ -->\n<title>\u0396\u03af\u03b3\u03ba\u03c6\u03c1\u03b9\u03bd\u03c4 \u039c\u03c0\u03bb\u03cc\u03c7\u03b5\u03c1 | \u0394\u03b9\u03b5\u03c5\u03b8\u03c5\u03bd\u03c4\u03ae\u03c2 \u03c4\u03bf\u03c5 Goethe-Zentrum Patras - KinoFest<\/title>\n<meta name=\"robots\" content=\"index, follow, max-snippet:-1, max-image-preview:large, max-video-preview:-1\" \/>\n<link rel=\"canonical\" href=\"https:\/\/kinofest.gr\/de\/\u03b6\u03af\u03b3\u03ba\u03c6\u03c1\u03b9\u03bd\u03c4-\u03bc\u03c0\u03bb\u03cc\u03c7\u03b5\u03c1-\u03b4\u03b9\u03b5\u03c5\u03b8\u03c5\u03bd\u03c4\u03ae\u03c2-\u03c4\u03bf\u03c5-goethe-zentrum-patra\/\" \/>\n<meta property=\"og:locale\" content=\"de_DE\" \/>\n<meta property=\"og:type\" content=\"article\" \/>\n<meta property=\"og:title\" content=\"\u0396\u03af\u03b3\u03ba\u03c6\u03c1\u03b9\u03bd\u03c4 \u039c\u03c0\u03bb\u03cc\u03c7\u03b5\u03c1 | \u0394\u03b9\u03b5\u03c5\u03b8\u03c5\u03bd\u03c4\u03ae\u03c2 \u03c4\u03bf\u03c5 Goethe-Zentrum Patras - KinoFest\" \/>\n<meta property=\"og:url\" content=\"https:\/\/kinofest.gr\/de\/\u03b6\u03af\u03b3\u03ba\u03c6\u03c1\u03b9\u03bd\u03c4-\u03bc\u03c0\u03bb\u03cc\u03c7\u03b5\u03c1-\u03b4\u03b9\u03b5\u03c5\u03b8\u03c5\u03bd\u03c4\u03ae\u03c2-\u03c4\u03bf\u03c5-goethe-zentrum-patra\/\" \/>\n<meta property=\"og:site_name\" content=\"KinoFest\" \/>\n<meta property=\"article:publisher\" content=\"https:\/\/www.facebook.com\/kinofest.gr\/\" \/>\n<meta property=\"article:published_time\" content=\"2023-09-19T08:00:22+00:00\" \/>\n<meta property=\"article:modified_time\" content=\"2023-09-19T08:05:27+00:00\" \/>\n<meta property=\"og:image\" content=\"https:\/\/kinofest.gr\/wp-content\/uploads\/2023\/09\/goethe.png\" \/>\n\t<meta property=\"og:image:width\" content=\"638\" \/>\n\t<meta property=\"og:image:height\" content=\"768\" \/>\n\t<meta property=\"og:image:type\" content=\"image\/png\" \/>\n<meta name=\"author\" content=\"tsantilas.x@belowthefold.gr\" \/>\n<meta name=\"twitter:card\" content=\"summary_large_image\" \/>\n<meta name=\"twitter:label1\" content=\"Geschrieben von\" \/>\n\t<meta name=\"twitter:data1\" content=\"tsantilas.x@belowthefold.gr\" \/>\n\t<meta name=\"twitter:label2\" content=\"Gesch\u00e4tzte Lesezeit\" \/>\n\t<meta name=\"twitter:data2\" content=\"2\u00a0Minuten\" \/>\n<script type=\"application\/ld+json\" class=\"yoast-schema-graph\">{\"@context\":\"https:\/\/schema.org\",\"@graph\":[{\"@type\":\"Article\",\"@id\":\"https:\/\/kinofest.gr\/%ce%b6%ce%af%ce%b3%ce%ba%cf%86%cf%81%ce%b9%ce%bd%cf%84-%ce%bc%cf%80%ce%bb%cf%8c%cf%87%ce%b5%cf%81-%ce%b4%ce%b9%ce%b5%cf%85%ce%b8%cf%85%ce%bd%cf%84%ce%ae%cf%82-%cf%84%ce%bf%cf%85-goethe-zentrum-patra\/#article\",\"isPartOf\":{\"@id\":\"https:\/\/kinofest.gr\/%ce%b6%ce%af%ce%b3%ce%ba%cf%86%cf%81%ce%b9%ce%bd%cf%84-%ce%bc%cf%80%ce%bb%cf%8c%cf%87%ce%b5%cf%81-%ce%b4%ce%b9%ce%b5%cf%85%ce%b8%cf%85%ce%bd%cf%84%ce%ae%cf%82-%cf%84%ce%bf%cf%85-goethe-zentrum-patra\/\"},\"author\":{\"name\":\"tsantilas.x@belowthefold.gr\",\"@id\":\"https:\/\/kinofest.gr\/el\/#\/schema\/person\/8f46f76c965041c3ae5074af4f4ba010\"},\"headline\":\"\u0396\u03af\u03b3\u03ba\u03c6\u03c1\u03b9\u03bd\u03c4 \u039c\u03c0\u03bb\u03cc\u03c7\u03b5\u03c1 | \u0394\u03b9\u03b5\u03c5\u03b8\u03c5\u03bd\u03c4\u03ae\u03c2 \u03c4\u03bf\u03c5 Goethe-Zentrum Patras\",\"datePublished\":\"2023-09-19T08:00:22+00:00\",\"dateModified\":\"2023-09-19T08:05:27+00:00\",\"mainEntityOfPage\":{\"@id\":\"https:\/\/kinofest.gr\/%ce%b6%ce%af%ce%b3%ce%ba%cf%86%cf%81%ce%b9%ce%bd%cf%84-%ce%bc%cf%80%ce%bb%cf%8c%cf%87%ce%b5%cf%81-%ce%b4%ce%b9%ce%b5%cf%85%ce%b8%cf%85%ce%bd%cf%84%ce%ae%cf%82-%cf%84%ce%bf%cf%85-goethe-zentrum-patra\/\"},\"wordCount\":250,\"publisher\":{\"@id\":\"https:\/\/kinofest.gr\/el\/#organization\"},\"image\":{\"@id\":\"https:\/\/kinofest.gr\/%ce%b6%ce%af%ce%b3%ce%ba%cf%86%cf%81%ce%b9%ce%bd%cf%84-%ce%bc%cf%80%ce%bb%cf%8c%cf%87%ce%b5%cf%81-%ce%b4%ce%b9%ce%b5%cf%85%ce%b8%cf%85%ce%bd%cf%84%ce%ae%cf%82-%cf%84%ce%bf%cf%85-goethe-zentrum-patra\/#primaryimage\"},\"thumbnailUrl\":\"https:\/\/kinofest.gr\/wp-content\/uploads\/2023\/09\/goethe.png\",\"keywords\":[\"4\u03bf kinofest\"],\"articleSection\":[\"\u03a7\u03b1\u03b9\u03c1\u03b5\u03c4\u03b9\u03c3\u03bc\u03bf\u03af\"],\"inLanguage\":\"de\"},{\"@type\":\"WebPage\",\"@id\":\"https:\/\/kinofest.gr\/%ce%b6%ce%af%ce%b3%ce%ba%cf%86%cf%81%ce%b9%ce%bd%cf%84-%ce%bc%cf%80%ce%bb%cf%8c%cf%87%ce%b5%cf%81-%ce%b4%ce%b9%ce%b5%cf%85%ce%b8%cf%85%ce%bd%cf%84%ce%ae%cf%82-%cf%84%ce%bf%cf%85-goethe-zentrum-patra\/\",\"url\":\"https:\/\/kinofest.gr\/%ce%b6%ce%af%ce%b3%ce%ba%cf%86%cf%81%ce%b9%ce%bd%cf%84-%ce%bc%cf%80%ce%bb%cf%8c%cf%87%ce%b5%cf%81-%ce%b4%ce%b9%ce%b5%cf%85%ce%b8%cf%85%ce%bd%cf%84%ce%ae%cf%82-%cf%84%ce%bf%cf%85-goethe-zentrum-patra\/\",\"name\":\"\u0396\u03af\u03b3\u03ba\u03c6\u03c1\u03b9\u03bd\u03c4 \u039c\u03c0\u03bb\u03cc\u03c7\u03b5\u03c1 | \u0394\u03b9\u03b5\u03c5\u03b8\u03c5\u03bd\u03c4\u03ae\u03c2 \u03c4\u03bf\u03c5 Goethe-Zentrum Patras - KinoFest\",\"isPartOf\":{\"@id\":\"https:\/\/kinofest.gr\/el\/#website\"},\"primaryImageOfPage\":{\"@id\":\"https:\/\/kinofest.gr\/%ce%b6%ce%af%ce%b3%ce%ba%cf%86%cf%81%ce%b9%ce%bd%cf%84-%ce%bc%cf%80%ce%bb%cf%8c%cf%87%ce%b5%cf%81-%ce%b4%ce%b9%ce%b5%cf%85%ce%b8%cf%85%ce%bd%cf%84%ce%ae%cf%82-%cf%84%ce%bf%cf%85-goethe-zentrum-patra\/#primaryimage\"},\"image\":{\"@id\":\"https:\/\/kinofest.gr\/%ce%b6%ce%af%ce%b3%ce%ba%cf%86%cf%81%ce%b9%ce%bd%cf%84-%ce%bc%cf%80%ce%bb%cf%8c%cf%87%ce%b5%cf%81-%ce%b4%ce%b9%ce%b5%cf%85%ce%b8%cf%85%ce%bd%cf%84%ce%ae%cf%82-%cf%84%ce%bf%cf%85-goethe-zentrum-patra\/#primaryimage\"},\"thumbnailUrl\":\"https:\/\/kinofest.gr\/wp-content\/uploads\/2023\/09\/goethe.png\",\"datePublished\":\"2023-09-19T08:00:22+00:00\",\"dateModified\":\"2023-09-19T08:05:27+00:00\",\"breadcrumb\":{\"@id\":\"https:\/\/kinofest.gr\/%ce%b6%ce%af%ce%b3%ce%ba%cf%86%cf%81%ce%b9%ce%bd%cf%84-%ce%bc%cf%80%ce%bb%cf%8c%cf%87%ce%b5%cf%81-%ce%b4%ce%b9%ce%b5%cf%85%ce%b8%cf%85%ce%bd%cf%84%ce%ae%cf%82-%cf%84%ce%bf%cf%85-goethe-zentrum-patra\/#breadcrumb\"},\"inLanguage\":\"de\",\"potentialAction\":[{\"@type\":\"ReadAction\",\"target\":[\"https:\/\/kinofest.gr\/%ce%b6%ce%af%ce%b3%ce%ba%cf%86%cf%81%ce%b9%ce%bd%cf%84-%ce%bc%cf%80%ce%bb%cf%8c%cf%87%ce%b5%cf%81-%ce%b4%ce%b9%ce%b5%cf%85%ce%b8%cf%85%ce%bd%cf%84%ce%ae%cf%82-%cf%84%ce%bf%cf%85-goethe-zentrum-patra\/\"]}]},{\"@type\":\"ImageObject\",\"inLanguage\":\"de\",\"@id\":\"https:\/\/kinofest.gr\/%ce%b6%ce%af%ce%b3%ce%ba%cf%86%cf%81%ce%b9%ce%bd%cf%84-%ce%bc%cf%80%ce%bb%cf%8c%cf%87%ce%b5%cf%81-%ce%b4%ce%b9%ce%b5%cf%85%ce%b8%cf%85%ce%bd%cf%84%ce%ae%cf%82-%cf%84%ce%bf%cf%85-goethe-zentrum-patra\/#primaryimage\",\"url\":\"https:\/\/kinofest.gr\/wp-content\/uploads\/2023\/09\/goethe.png\",\"contentUrl\":\"https:\/\/kinofest.gr\/wp-content\/uploads\/2023\/09\/goethe.png\",\"width\":638,\"height\":768},{\"@type\":\"BreadcrumbList\",\"@id\":\"https:\/\/kinofest.gr\/%ce%b6%ce%af%ce%b3%ce%ba%cf%86%cf%81%ce%b9%ce%bd%cf%84-%ce%bc%cf%80%ce%bb%cf%8c%cf%87%ce%b5%cf%81-%ce%b4%ce%b9%ce%b5%cf%85%ce%b8%cf%85%ce%bd%cf%84%ce%ae%cf%82-%cf%84%ce%bf%cf%85-goethe-zentrum-patra\/#breadcrumb\",\"itemListElement\":[{\"@type\":\"ListItem\",\"position\":1,\"name\":\"\u0391\u03c1\u03c7\u03b9\u03ba\u03ae\",\"item\":\"https:\/\/kinofest.gr\/\"},{\"@type\":\"ListItem\",\"position\":2,\"name\":\"\u0396\u03af\u03b3\u03ba\u03c6\u03c1\u03b9\u03bd\u03c4 \u039c\u03c0\u03bb\u03cc\u03c7\u03b5\u03c1 | \u0394\u03b9\u03b5\u03c5\u03b8\u03c5\u03bd\u03c4\u03ae\u03c2 \u03c4\u03bf\u03c5 Goethe-Zentrum Patras\"}]},{\"@type\":\"WebSite\",\"@id\":\"https:\/\/kinofest.gr\/el\/#website\",\"url\":\"https:\/\/kinofest.gr\/el\/\",\"name\":\"KinoFest\",\"description\":\"KinoFest\",\"publisher\":{\"@id\":\"https:\/\/kinofest.gr\/el\/#organization\"},\"potentialAction\":[{\"@type\":\"SearchAction\",\"target\":{\"@type\":\"EntryPoint\",\"urlTemplate\":\"https:\/\/kinofest.gr\/el\/?s={search_term_string}\"},\"query-input\":{\"@type\":\"PropertyValueSpecification\",\"valueRequired\":true,\"valueName\":\"search_term_string\"}}],\"inLanguage\":\"de\"},{\"@type\":\"Organization\",\"@id\":\"https:\/\/kinofest.gr\/el\/#organization\",\"name\":\"KinoFest\",\"url\":\"https:\/\/kinofest.gr\/el\/\",\"logo\":{\"@type\":\"ImageObject\",\"inLanguage\":\"de\",\"@id\":\"https:\/\/kinofest.gr\/el\/#\/schema\/logo\/image\/\",\"url\":\"https:\/\/kinofest.gr\/wp-content\/uploads\/2022\/09\/Logo_Color-min-1.jpg\",\"contentUrl\":\"https:\/\/kinofest.gr\/wp-content\/uploads\/2022\/09\/Logo_Color-min-1.jpg\",\"width\":283,\"height\":358,\"caption\":\"KinoFest\"},\"image\":{\"@id\":\"https:\/\/kinofest.gr\/el\/#\/schema\/logo\/image\/\"},\"sameAs\":[\"https:\/\/www.facebook.com\/kinofest.gr\/\",\"https:\/\/www.instagram.com\/kinofest.gr\/\"]},{\"@type\":\"Person\",\"@id\":\"https:\/\/kinofest.gr\/el\/#\/schema\/person\/8f46f76c965041c3ae5074af4f4ba010\",\"name\":\"tsantilas.x@belowthefold.gr\",\"url\":\"https:\/\/kinofest.gr\/de\/author\/tsantilas-xbelowthefold-gr\/\"}]}<\/script>\n<!-- \/ Yoast SEO plugin. -->","yoast_head_json":{"title":"\u0396\u03af\u03b3\u03ba\u03c6\u03c1\u03b9\u03bd\u03c4 \u039c\u03c0\u03bb\u03cc\u03c7\u03b5\u03c1 | \u0394\u03b9\u03b5\u03c5\u03b8\u03c5\u03bd\u03c4\u03ae\u03c2 \u03c4\u03bf\u03c5 Goethe-Zentrum Patras - KinoFest","robots":{"index":"index","follow":"follow","max-snippet":"max-snippet:-1","max-image-preview":"max-image-preview:large","max-video-preview":"max-video-preview:-1"},"canonical":"https:\/\/kinofest.gr\/de\/\u03b6\u03af\u03b3\u03ba\u03c6\u03c1\u03b9\u03bd\u03c4-\u03bc\u03c0\u03bb\u03cc\u03c7\u03b5\u03c1-\u03b4\u03b9\u03b5\u03c5\u03b8\u03c5\u03bd\u03c4\u03ae\u03c2-\u03c4\u03bf\u03c5-goethe-zentrum-patra\/","og_locale":"de_DE","og_type":"article","og_title":"\u0396\u03af\u03b3\u03ba\u03c6\u03c1\u03b9\u03bd\u03c4 \u039c\u03c0\u03bb\u03cc\u03c7\u03b5\u03c1 | \u0394\u03b9\u03b5\u03c5\u03b8\u03c5\u03bd\u03c4\u03ae\u03c2 \u03c4\u03bf\u03c5 Goethe-Zentrum Patras - KinoFest","og_url":"https:\/\/kinofest.gr\/de\/\u03b6\u03af\u03b3\u03ba\u03c6\u03c1\u03b9\u03bd\u03c4-\u03bc\u03c0\u03bb\u03cc\u03c7\u03b5\u03c1-\u03b4\u03b9\u03b5\u03c5\u03b8\u03c5\u03bd\u03c4\u03ae\u03c2-\u03c4\u03bf\u03c5-goethe-zentrum-patra\/","og_site_name":"KinoFest","article_publisher":"https:\/\/www.facebook.com\/kinofest.gr\/","article_published_time":"2023-09-19T08:00:22+00:00","article_modified_time":"2023-09-19T08:05:27+00:00","og_image":[{"width":638,"height":768,"url":"https:\/\/kinofest.gr\/wp-content\/uploads\/2023\/09\/goethe.png","type":"image\/png"}],"author":"tsantilas.x@belowthefold.gr","twitter_card":"summary_large_image","twitter_misc":{"Geschrieben von":"tsantilas.x@belowthefold.gr","Gesch\u00e4tzte Lesezeit":"2\u00a0Minuten"},"schema":{"@context":"https:\/\/schema.org","@graph":[{"@type":"Article","@id":"https:\/\/kinofest.gr\/%ce%b6%ce%af%ce%b3%ce%ba%cf%86%cf%81%ce%b9%ce%bd%cf%84-%ce%bc%cf%80%ce%bb%cf%8c%cf%87%ce%b5%cf%81-%ce%b4%ce%b9%ce%b5%cf%85%ce%b8%cf%85%ce%bd%cf%84%ce%ae%cf%82-%cf%84%ce%bf%cf%85-goethe-zentrum-patra\/#article","isPartOf":{"@id":"https:\/\/kinofest.gr\/%ce%b6%ce%af%ce%b3%ce%ba%cf%86%cf%81%ce%b9%ce%bd%cf%84-%ce%bc%cf%80%ce%bb%cf%8c%cf%87%ce%b5%cf%81-%ce%b4%ce%b9%ce%b5%cf%85%ce%b8%cf%85%ce%bd%cf%84%ce%ae%cf%82-%cf%84%ce%bf%cf%85-goethe-zentrum-patra\/"},"author":{"name":"tsantilas.x@belowthefold.gr","@id":"https:\/\/kinofest.gr\/el\/#\/schema\/person\/8f46f76c965041c3ae5074af4f4ba010"},"headline":"\u0396\u03af\u03b3\u03ba\u03c6\u03c1\u03b9\u03bd\u03c4 \u039c\u03c0\u03bb\u03cc\u03c7\u03b5\u03c1 | \u0394\u03b9\u03b5\u03c5\u03b8\u03c5\u03bd\u03c4\u03ae\u03c2 \u03c4\u03bf\u03c5 Goethe-Zentrum Patras","datePublished":"2023-09-19T08:00:22+00:00","dateModified":"2023-09-19T08:05:27+00:00","mainEntityOfPage":{"@id":"https:\/\/kinofest.gr\/%ce%b6%ce%af%ce%b3%ce%ba%cf%86%cf%81%ce%b9%ce%bd%cf%84-%ce%bc%cf%80%ce%bb%cf%8c%cf%87%ce%b5%cf%81-%ce%b4%ce%b9%ce%b5%cf%85%ce%b8%cf%85%ce%bd%cf%84%ce%ae%cf%82-%cf%84%ce%bf%cf%85-goethe-zentrum-patra\/"},"wordCount":250,"publisher":{"@id":"https:\/\/kinofest.gr\/el\/#organization"},"image":{"@id":"https:\/\/kinofest.gr\/%ce%b6%ce%af%ce%b3%ce%ba%cf%86%cf%81%ce%b9%ce%bd%cf%84-%ce%bc%cf%80%ce%bb%cf%8c%cf%87%ce%b5%cf%81-%ce%b4%ce%b9%ce%b5%cf%85%ce%b8%cf%85%ce%bd%cf%84%ce%ae%cf%82-%cf%84%ce%bf%cf%85-goethe-zentrum-patra\/#primaryimage"},"thumbnailUrl":"https:\/\/kinofest.gr\/wp-content\/uploads\/2023\/09\/goethe.png","keywords":["4\u03bf kinofest"],"articleSection":["\u03a7\u03b1\u03b9\u03c1\u03b5\u03c4\u03b9\u03c3\u03bc\u03bf\u03af"],"inLanguage":"de"},{"@type":"WebPage","@id":"https:\/\/kinofest.gr\/%ce%b6%ce%af%ce%b3%ce%ba%cf%86%cf%81%ce%b9%ce%bd%cf%84-%ce%bc%cf%80%ce%bb%cf%8c%cf%87%ce%b5%cf%81-%ce%b4%ce%b9%ce%b5%cf%85%ce%b8%cf%85%ce%bd%cf%84%ce%ae%cf%82-%cf%84%ce%bf%cf%85-goethe-zentrum-patra\/","url":"https:\/\/kinofest.gr\/%ce%b6%ce%af%ce%b3%ce%ba%cf%86%cf%81%ce%b9%ce%bd%cf%84-%ce%bc%cf%80%ce%bb%cf%8c%cf%87%ce%b5%cf%81-%ce%b4%ce%b9%ce%b5%cf%85%ce%b8%cf%85%ce%bd%cf%84%ce%ae%cf%82-%cf%84%ce%bf%cf%85-goethe-zentrum-patra\/","name":"\u0396\u03af\u03b3\u03ba\u03c6\u03c1\u03b9\u03bd\u03c4 \u039c\u03c0\u03bb\u03cc\u03c7\u03b5\u03c1 | \u0394\u03b9\u03b5\u03c5\u03b8\u03c5\u03bd\u03c4\u03ae\u03c2 \u03c4\u03bf\u03c5 Goethe-Zentrum Patras - KinoFest","isPartOf":{"@id":"https:\/\/kinofest.gr\/el\/#website"},"primaryImageOfPage":{"@id":"https:\/\/kinofest.gr\/%ce%b6%ce%af%ce%b3%ce%ba%cf%86%cf%81%ce%b9%ce%bd%cf%84-%ce%bc%cf%80%ce%bb%cf%8c%cf%87%ce%b5%cf%81-%ce%b4%ce%b9%ce%b5%cf%85%ce%b8%cf%85%ce%bd%cf%84%ce%ae%cf%82-%cf%84%ce%bf%cf%85-goethe-zentrum-patra\/#primaryimage"},"image":{"@id":"https:\/\/kinofest.gr\/%ce%b6%ce%af%ce%b3%ce%ba%cf%86%cf%81%ce%b9%ce%bd%cf%84-%ce%bc%cf%80%ce%bb%cf%8c%cf%87%ce%b5%cf%81-%ce%b4%ce%b9%ce%b5%cf%85%ce%b8%cf%85%ce%bd%cf%84%ce%ae%cf%82-%cf%84%ce%bf%cf%85-goethe-zentrum-patra\/#primaryimage"},"thumbnailUrl":"https:\/\/kinofest.gr\/wp-content\/uploads\/2023\/09\/goethe.png","datePublished":"2023-09-19T08:00:22+00:00","dateModified":"2023-09-19T08:05:27+00:00","breadcrumb":{"@id":"https:\/\/kinofest.gr\/%ce%b6%ce%af%ce%b3%ce%ba%cf%86%cf%81%ce%b9%ce%bd%cf%84-%ce%bc%cf%80%ce%bb%cf%8c%cf%87%ce%b5%cf%81-%ce%b4%ce%b9%ce%b5%cf%85%ce%b8%cf%85%ce%bd%cf%84%ce%ae%cf%82-%cf%84%ce%bf%cf%85-goethe-zentrum-patra\/#breadcrumb"},"inLanguage":"de","potentialAction":[{"@type":"ReadAction","target":["https:\/\/kinofest.gr\/%ce%b6%ce%af%ce%b3%ce%ba%cf%86%cf%81%ce%b9%ce%bd%cf%84-%ce%bc%cf%80%ce%bb%cf%8c%cf%87%ce%b5%cf%81-%ce%b4%ce%b9%ce%b5%cf%85%ce%b8%cf%85%ce%bd%cf%84%ce%ae%cf%82-%cf%84%ce%bf%cf%85-goethe-zentrum-patra\/"]}]},{"@type":"ImageObject","inLanguage":"de","@id":"https:\/\/kinofest.gr\/%ce%b6%ce%af%ce%b3%ce%ba%cf%86%cf%81%ce%b9%ce%bd%cf%84-%ce%bc%cf%80%ce%bb%cf%8c%cf%87%ce%b5%cf%81-%ce%b4%ce%b9%ce%b5%cf%85%ce%b8%cf%85%ce%bd%cf%84%ce%ae%cf%82-%cf%84%ce%bf%cf%85-goethe-zentrum-patra\/#primaryimage","url":"https:\/\/kinofest.gr\/wp-content\/uploads\/2023\/09\/goethe.png","contentUrl":"https:\/\/kinofest.gr\/wp-content\/uploads\/2023\/09\/goethe.png","width":638,"height":768},{"@type":"BreadcrumbList","@id":"https:\/\/kinofest.gr\/%ce%b6%ce%af%ce%b3%ce%ba%cf%86%cf%81%ce%b9%ce%bd%cf%84-%ce%bc%cf%80%ce%bb%cf%8c%cf%87%ce%b5%cf%81-%ce%b4%ce%b9%ce%b5%cf%85%ce%b8%cf%85%ce%bd%cf%84%ce%ae%cf%82-%cf%84%ce%bf%cf%85-goethe-zentrum-patra\/#breadcrumb","itemListElement":[{"@type":"ListItem","position":1,"name":"\u0391\u03c1\u03c7\u03b9\u03ba\u03ae","item":"https:\/\/kinofest.gr\/"},{"@type":"ListItem","position":2,"name":"\u0396\u03af\u03b3\u03ba\u03c6\u03c1\u03b9\u03bd\u03c4 \u039c\u03c0\u03bb\u03cc\u03c7\u03b5\u03c1 | \u0394\u03b9\u03b5\u03c5\u03b8\u03c5\u03bd\u03c4\u03ae\u03c2 \u03c4\u03bf\u03c5 Goethe-Zentrum Patras"}]},{"@type":"WebSite","@id":"https:\/\/kinofest.gr\/el\/#website","url":"https:\/\/kinofest.gr\/el\/","name":"KinoFest","description":"KinoFest","publisher":{"@id":"https:\/\/kinofest.gr\/el\/#organization"},"potentialAction":[{"@type":"SearchAction","target":{"@type":"EntryPoint","urlTemplate":"https:\/\/kinofest.gr\/el\/?s={search_term_string}"},"query-input":{"@type":"PropertyValueSpecification","valueRequired":true,"valueName":"search_term_string"}}],"inLanguage":"de"},{"@type":"Organization","@id":"https:\/\/kinofest.gr\/el\/#organization","name":"KinoFest","url":"https:\/\/kinofest.gr\/el\/","logo":{"@type":"ImageObject","inLanguage":"de","@id":"https:\/\/kinofest.gr\/el\/#\/schema\/logo\/image\/","url":"https:\/\/kinofest.gr\/wp-content\/uploads\/2022\/09\/Logo_Color-min-1.jpg","contentUrl":"https:\/\/kinofest.gr\/wp-content\/uploads\/2022\/09\/Logo_Color-min-1.jpg","width":283,"height":358,"caption":"KinoFest"},"image":{"@id":"https:\/\/kinofest.gr\/el\/#\/schema\/logo\/image\/"},"sameAs":["https:\/\/www.facebook.com\/kinofest.gr\/","https:\/\/www.instagram.com\/kinofest.gr\/"]},{"@type":"Person","@id":"https:\/\/kinofest.gr\/el\/#\/schema\/person\/8f46f76c965041c3ae5074af4f4ba010","name":"tsantilas.x@belowthefold.gr","url":"https:\/\/kinofest.gr\/de\/author\/tsantilas-xbelowthefold-gr\/"}]}},"_links":{"self":[{"href":"https:\/\/kinofest.gr\/de\/wp-json\/wp\/v2\/posts\/6953","targetHints":{"allow":["GET"]}}],"collection":[{"href":"https:\/\/kinofest.gr\/de\/wp-json\/wp\/v2\/posts"}],"about":[{"href":"https:\/\/kinofest.gr\/de\/wp-json\/wp\/v2\/types\/post"}],"author":[{"embeddable":true,"href":"https:\/\/kinofest.gr\/de\/wp-json\/wp\/v2\/users\/4"}],"replies":[{"embeddable":true,"href":"https:\/\/kinofest.gr\/de\/wp-json\/wp\/v2\/comments?post=6953"}],"version-history":[{"count":2,"href":"https:\/\/kinofest.gr\/de\/wp-json\/wp\/v2\/posts\/6953\/revisions"}],"predecessor-version":[{"id":6956,"href":"https:\/\/kinofest.gr\/de\/wp-json\/wp\/v2\/posts\/6953\/revisions\/6956"}],"wp:featuredmedia":[{"embeddable":true,"href":"https:\/\/kinofest.gr\/de\/wp-json\/wp\/v2\/media\/6955"}],"wp:attachment":[{"href":"https:\/\/kinofest.gr\/de\/wp-json\/wp\/v2\/media?parent=6953"}],"wp:term":[{"taxonomy":"category","embeddable":true,"href":"https:\/\/kinofest.gr\/de\/wp-json\/wp\/v2\/categories?post=6953"},{"taxonomy":"post_tag","embeddable":true,"href":"https:\/\/kinofest.gr\/de\/wp-json\/wp\/v2\/tags?post=6953"}],"curies":[{"name":"wp","href":"https:\/\/api.w.org\/{rel}","templated":true}]}}